{"id":28,"count":10,"description":"La LOCATION DU BRASSENX \u00e0 Morcenx la Nouvelle loue des <strong>v\u00e9hicules utilitaires :<\/strong>Frigorifiques : 2, 3, 4 et 5m3 - Utilitaires : 6, 11, 13 et 20m3 avec hayon - Benne : 3x2m. Nos v\u00e9hicules sont r\u00e9guli\u00e8rement contr\u00f4l\u00e9s et r\u00e9vis\u00e9s dans nos ateliers. Nous vous proposons uniquement des utilitaires r\u00e9cents. Les locations sont effectives sur du court, moyen et long terme. Afin de nous adapter \u00e0 nos clients nous adoptons une amplitude horaire large. N'h\u00e9sitez pas \u00e0 nous faire vos demandes par t\u00e9l\u00e9phone, nous pourrons ainsi vous r\u00e9pondre au mieux en fonction de vos besoins. ","link":"https:\/\/landeco-preproduction.fr\/locationbrassenx.fr\/categorie-produit\/location-de-vehicules-utilitaires-et-tourisme-dans-les-landes\/location-de-vehicules-utilitaires-dans-les-landes\/","name":"Location de v\u00e9hicules utilitaires dans les Landes","slug":"location-de-vehicules-utilitaires-dans-les-landes","taxonomy":"product_cat","parent":26,"meta":[],"menu_order":0,"acf":[],"_links":{"self":[{"href":"https:\/\/landeco-preproduction.fr\/locationbrassenx.fr\/wp-json\/wp\/v2\/product_cat\/28","targetHints":{"allow":["GET"]}}],"collection":[{"href":"https:\/\/landeco-preproduction.fr\/locationbrassenx.fr\/wp-json\/wp\/v2\/product_cat"}],"about":[{"href":"https:\/\/landeco-preproduction.fr\/locationbrassenx.fr\/wp-json\/wp\/v2\/taxonomies\/product_cat"}],"up":[{"embeddable":true,"href":"https:\/\/landeco-preproduction.fr\/locationbrassenx.fr\/wp-json\/wp\/v2\/product_cat\/26"}],"wp:post_type":[{"href":"https:\/\/landeco-preproduction.fr\/locationbrassenx.fr\/wp-json\/wp\/v2\/product?product_cat=28"}],"curies":[{"name":"wp","href":"https:\/\/api.w.org\/{rel}","templated":true}]}}